{"id":1156,"date":"2023-03-18T05:58:04","date_gmt":"2023-03-18T05:58:04","guid":{"rendered":"https:\/\/www.multi-shop.cz\/?p=1156"},"modified":"2023-03-10T08:16:07","modified_gmt":"2023-03-10T08:16:07","slug":"stena-loznice-osvetleni-jak-vybrat-nejlepsi-moznost-pro-vas-interier","status":"publish","type":"post","link":"https:\/\/www.multi-shop.cz\/index.php\/2023\/03\/18\/stena-loznice-osvetleni-jak-vybrat-nejlepsi-moznost-pro-vas-interier\/","title":{"rendered":"St\u011bna lo\u017enice osv\u011btlen\u00ed: Jak vybrat nejlep\u0161\u00ed mo\u017enost pro V\u00e1\u0161 interi\u00e9r"},"content":{"rendered":"<h2>Celkov\u00fd v\u00fdznam osv\u011btlen\u00ed lo\u017enice<\/h2>\n<p>Ka\u017ed\u00fd v\u00ed, jak d\u016fle\u017eit\u00fd je sp\u00e1nek pro zdrav\u00ed a pohodu. Ale nen\u00ed jen kvalita matrace a pol\u0161t\u00e1\u0159e, kter\u00e9 rozhoduj\u00ed o kvalit\u011b sp\u00e1nku. Vzduch v m\u00edstnosti, teplota a hluk jsou v\u0161ichni faktory, kter\u00e9 ovliv\u0148uj\u00ed, jak se budete c\u00edtit r\u00e1no. Ale jedn\u00edm z nejd\u016fle\u017eit\u011bj\u0161\u00edch faktor\u016f sp\u00e1nkov\u00e9ho prost\u0159ed\u00ed je osv\u011btlen\u00ed v lo\u017enici. Spr\u00e1vn\u00e9 osv\u011btlen\u00ed m\u016f\u017ee v\u00fdrazn\u011b zlep\u0161it kvalitu sp\u00e1nku, n\u00e1ladu a celkovou pohodu.<\/p>\n<h2>Rozd\u00edl mezi obecn\u00fdm a \u00fakolov\u00fdm osv\u011btlen\u00edm<\/h2>\n<p>P\u0159i pl\u00e1nov\u00e1n\u00ed osv\u011btlen\u00ed lo\u017enice byste m\u011bli vz\u00edt v \u00favahu dv\u011b z\u00e1kladn\u00ed kategorie osv\u011btlen\u00ed: obecn\u00e9 a \u00fakolov\u00e9. Obecn\u00e9 osv\u011btlen\u00ed poskytuje celkovou \u00farove\u0148 sv\u011btla v m\u00edstnosti, zat\u00edmco \u00fakolov\u00e9 osv\u011btlen\u00ed je zam\u011b\u0159eno na ur\u010dit\u00e9 \u00fakoly, jako je \u010dten\u00ed knihy v posteli. Krom\u011b toho m\u016f\u017eete pou\u017e\u00edt dekorativn\u00ed osv\u011btlen\u00ed k vytvo\u0159en\u00ed atmosf\u00e9ry a zaj\u00edmav\u00fdch vizu\u00e1ln\u00edch prvk\u016f.<\/p>\n<h2>Zvolte spr\u00e1vn\u00fd typ osv\u011btlen\u00ed<\/h2>\n<p>Pokud hled\u00e1te obecn\u00e9 osv\u011btlen\u00ed, m\u016f\u017eete zv\u00e1\u017eit vestav\u011bn\u00e9 sv\u00edtidla, stojac\u00ed lampy nebo z\u00e1v\u011bsn\u00e1 sv\u00edtidla. S vestav\u011bn\u00fdmi sv\u00edtidly nebo stojac\u00edmi lampami m\u016f\u017eete m\u011bnit \u00farovn\u011b osv\u011btlen\u00ed podle va\u0161ich pot\u0159eb, ale z\u00e1v\u011bsn\u00e1 sv\u00edtidla mohou b\u00fdt dobr\u00e1 volba pro vytvo\u0159en\u00ed atmosf\u00e9ry.<\/p>\n<p>Pokud pot\u0159ebujete \u00fakolov\u00e9 osv\u011btlen\u00ed pro \u010dten\u00ed, m\u011bli byste zv\u00e1\u017eit stojac\u00ed lampu nebo sv\u011btlo na st\u011bn\u011b naproti va\u0161\u00ed posteli. Tyto druhy osv\u011btlen\u00ed poskytuj\u00ed dostate\u010dn\u00e9 osv\u011btlen\u00ed na \u00fakoly, jako je \u010dten\u00ed a ps\u00e1n\u00ed, ani\u017e by ru\u0161ily celkovou atmosf\u00e9ru v m\u00edstnosti.<\/p>\n<h2>Volba tepl\u00e9ho nebo studen\u00e9ho osv\u011btlen\u00ed<\/h2>\n<p>Krom\u011b typu osv\u011btlen\u00ed byste m\u011bli zv\u00e1\u017eit tak\u00e9 teplotu barvy sv\u011btla, kterou chcete vlo\u017eit do va\u0161\u00ed lo\u017enice. Studen\u00e9 b\u00edl\u00e9 sv\u011btlo je b\u011b\u017en\u011bj\u0161\u00ed v kancel\u00e1\u0159\u00edch a ve\u0159ejn\u00fdch prostor\u00e1ch, ale tepl\u00e9 b\u00edl\u00e9 sv\u011btlo je lep\u0161\u00ed pro dom\u00e1c\u00ed pou\u017eit\u00ed, zejm\u00e9na v lo\u017enic\u00edch. Tepl\u00e9 b\u00edl\u00e9 sv\u011btlo m\u00e1 p\u0159\u00edjemn\u011bj\u0161\u00ed atmosf\u00e9ru a pom\u00e1h\u00e1 p\u0159i relaxaci a us\u00edn\u00e1n\u00ed.<\/p>\n<h2>Nap\u00e1jen\u00ed<\/h2>\n<p>Pokud pl\u00e1nujete instalovat nov\u00e9 sv\u011btlo v m\u00edstnosti, m\u011bli byste zv\u00e1\u017eit jeho nap\u00e1jen\u00ed. Pokud m\u00e1te ji\u017e hotovou elektrikou, m\u016f\u017eete zvolit z\u00e1v\u011bsn\u00e9 osv\u011btlen\u00ed, kter\u00e9 m\u016f\u017ee b\u00fdt p\u0159ipojeno k elektrick\u00e9mu veden\u00ed. Pokud m\u00e1te omezen\u00fd p\u0159\u00edstup k elektrick\u00e9 s\u00edti, m\u016f\u017eete zv\u00e1\u017eit bateriov\u00e9 nebo sol\u00e1rn\u00ed \u0159e\u0161en\u00ed.<\/p>\n<h2><\/h2>\n","protected":false},"excerpt":{"rendered":"<p>Celkov\u00fd v\u00fdznam osv\u011btlen\u00ed lo\u017enice Ka\u017ed\u00fd v\u00ed, jak d\u016fle\u017eit\u00fd je sp\u00e1nek pro zdrav\u00ed a pohodu. Ale<\/p>\n","protected":false},"author":1,"featured_media":1466,"comment_status":"open","ping_status":"open","sticky":false,"template":"","format":"standard","meta":{"footnotes":""},"categories":[6,14],"tags":[],"class_list":["post-1156","post","type-post","status-publish","format-standard","has-post-thumbnail","hentry","category-elektrospotrebicu","category-odsavac"],"_links":{"self":[{"href":"https:\/\/www.multi-shop.cz\/index.php\/wp-json\/wp\/v2\/posts\/1156","targetHints":{"allow":["GET"]}}],"collection":[{"href":"https:\/\/www.multi-shop.cz\/index.php\/wp-json\/wp\/v2\/posts"}],"about":[{"href":"https:\/\/www.multi-shop.cz\/index.php\/wp-json\/wp\/v2\/types\/post"}],"author":[{"embeddable":true,"href":"https:\/\/www.multi-shop.cz\/index.php\/wp-json\/wp\/v2\/users\/1"}],"replies":[{"embeddable":true,"href":"https:\/\/www.multi-shop.cz\/index.php\/wp-json\/wp\/v2\/comments?post=1156"}],"version-history":[{"count":2,"href":"https:\/\/www.multi-shop.cz\/index.php\/wp-json\/wp\/v2\/posts\/1156\/revisions"}],"predecessor-version":[{"id":1553,"href":"https:\/\/www.multi-shop.cz\/index.php\/wp-json\/wp\/v2\/posts\/1156\/revisions\/1553"}],"wp:featuredmedia":[{"embeddable":true,"href":"https:\/\/www.multi-shop.cz\/index.php\/wp-json\/wp\/v2\/media\/1466"}],"wp:attachment":[{"href":"https:\/\/www.multi-shop.cz\/index.php\/wp-json\/wp\/v2\/media?parent=1156"}],"wp:term":[{"taxonomy":"category","embeddable":true,"href":"https:\/\/www.multi-shop.cz\/index.php\/wp-json\/wp\/v2\/categories?post=1156"},{"taxonomy":"post_tag","embeddable":true,"href":"https:\/\/www.multi-shop.cz\/index.php\/wp-json\/wp\/v2\/tags?post=1156"}],"curies":[{"name":"wp","href":"https:\/\/api.w.org\/{rel}","templated":true}]}}