{"id":1213,"date":"2024-02-14T08:42:06","date_gmt":"2024-02-14T08:42:06","guid":{"rendered":"https:\/\/www.multi-shop.cz\/?p=1213"},"modified":"2024-02-14T08:42:06","modified_gmt":"2024-02-14T08:42:06","slug":"prechodne-svetlo-mizeni-stinu-a-odrazeni","status":"publish","type":"post","link":"https:\/\/www.multi-shop.cz\/index.php\/2024\/02\/14\/prechodne-svetlo-mizeni-stinu-a-odrazeni\/","title":{"rendered":"P\u0159echodn\u00e9 sv\u011btlo: Mizen\u00ed st\u00ednu a odr\u00e1\u017een\u00ed"},"content":{"rendered":"<h2> Co je to p\u0159echodn\u00e9 sv\u011btlo? <\/h2>\n<p>P\u0159echodn\u00e9 sv\u011btlo je jev, kter\u00fd popisuje zm\u011bnu intenzity a barvy sv\u011btla v pr\u016fb\u011bhu \u010dasu. Tento jev vznik\u00e1 p\u0159i pr\u016fchodu sv\u011btla skrze r\u016fzn\u00e9 m\u00e9dia, jako jsou nap\u0159\u00edklad mraky, z\u00e1v\u011bje prachu \u010di mlha. P\u0159echodn\u00e9 sv\u011btlo se m\u016f\u017ee projevovat v r\u016fzn\u00fdch podob\u00e1ch, nap\u0159\u00edklad mizen\u00edm st\u00ednu, odr\u00e1\u017een\u00edm na hladin\u011b vody nebo prom\u011bnou barev krajiny.<\/p>\n<h2> Pro\u010d se p\u0159echodn\u00e9 sv\u011btlo vyskytuje? <\/h2>\n<p>P\u0159echodn\u00e9 sv\u011btlo vznik\u00e1 v d\u016fsledku interakce sv\u011btla se st\u00ednem, prou\u017eky, oblac\u00ed nebo dal\u0161\u00edmi p\u0159ek\u00e1\u017ekami na jeho cest\u011b. Tyto p\u0159ek\u00e1\u017eky mohou m\u011bnit intenzitu a barvu sv\u011btla, co\u017e se projevuje jak na zobrazen\u00ed samotn\u00e9 p\u0159ek\u00e1\u017eky, tak na okoln\u00ed krajine.<\/p>\n<h3> Mizen\u00ed st\u00ednu <\/h3>\n<p>Mizen\u00ed st\u00ednu je jedn\u00edm z projev\u016f p\u0159echodn\u00e9ho sv\u011btla. P\u0159i mizen\u00ed st\u00ednu doch\u00e1z\u00ed k postupn\u00e9mu ub\u00fdv\u00e1n\u00ed st\u00ednu, kter\u00fd vznik\u00e1 p\u0159i dopadu slune\u010dn\u00edch paprsk\u016f na p\u0159ek\u00e1\u017eky jako jsou budovy, stromy nebo sk\u00e1ly. Tento jev m\u016f\u017ee b\u00fdt pozorov\u00e1n zejm\u00e9na p\u0159i v\u00fdchodu a z\u00e1padu slunce. P\u0159i v\u00fdchodu slunce se st\u00edn postupn\u011b zkracuje, ub\u00fdv\u00e1 a nakonec \u00fapln\u011b miz\u00ed. P\u0159i z\u00e1padu slunce tento proces prob\u00edh\u00e1 opa\u010dn\u00fdm zp\u016fsobem \u2013 st\u00edn postupn\u011b nar\u016fst\u00e1 a\u017e do \u00fapln\u00e9 tmavosti.<\/p>\n<h3> Odr\u00e1\u017een\u00ed sv\u011btla <\/h3>\n<p>Dal\u0161\u00edm projevem p\u0159echodn\u00e9ho sv\u011btla je odr\u00e1\u017een\u00ed. Odr\u00e1\u017een\u00ed nast\u00e1v\u00e1 v d\u016fsledku odra\u017een\u00e9ho slune\u010dn\u00edho sv\u011btla na vodn\u00ed hladin\u011b, skle nebo jin\u00fdch leskl\u00fdch povr\u0161\u00edch. Tento jev je velmi z\u0159eteln\u00fd na jezerech, \u0159ek\u00e1ch nebo mo\u0159sk\u00fdch pob\u0159e\u017e\u00edch, kde se slune\u010dn\u00ed sv\u011btlo odr\u00e1\u017e\u00ed jako zrcadlo a vytv\u00e1\u0159\u00ed zcela nov\u00e9 vjemy, kter\u00e9 mohou m\u011bnit atmosf\u00e9ru a barvy okoln\u00ed krajiny.<\/p>\n<h2> Vyu\u017eit\u00ed p\u0159echodn\u00e9ho sv\u011btla v um\u011bn\u00ed <\/h2>\n<p>P\u0159echodn\u00e9 sv\u011btlo m\u00e1 d\u016fle\u017eit\u00e9 m\u00edsto v um\u011bn\u00ed, zejm\u00e9na v mal\u00ed\u0159stv\u00ed a fotografii. Um\u011blci \u010dasto vyu\u017e\u00edvaj\u00ed p\u0159echodn\u00e9 sv\u011btlo k vytv\u00e1\u0159en\u00ed nov\u00fdch barevn\u00fdch kombinac\u00ed, kter\u00e9 mohou zcela zm\u011bnit atmosf\u00e9ru obrazu. Mnoho mal\u00ed\u0159\u016f se zam\u011b\u0159uje na malov\u00e1n\u00ed krajin, kde p\u0159echodn\u00e9 sv\u011btlo hraje kl\u00ed\u010dovou roli v celkov\u00e9 kompozici a atmosf\u00e9\u0159e obrazu. Fotografov\u00e9 zase vyu\u017e\u00edvaj\u00ed r\u016fzn\u00e9 filtry a techniky, aby zachytili co nejv\u00fdrazn\u011bj\u0161\u00ed projev p\u0159echodn\u00e9ho sv\u011btla p\u0159i fotografov\u00e1n\u00ed krajiny.<\/p>\n<h2> Z\u00e1v\u011br <\/h2>\n<p>P\u0159echodn\u00e9 sv\u011btlo je fascinuj\u00edc\u00ed jev, kter\u00fd vznik\u00e1 v d\u016fsledku interakce sv\u011btla se st\u00ednem, prou\u017eky, oblac\u00ed a dal\u0161\u00edmi p\u0159ek\u00e1\u017ekami. Tento jev m\u016f\u017ee m\u011bnit intenzitu a barvu sv\u011btla, kter\u00e9 se projevuje jak na zobrazen\u00ed samotn\u00e9 p\u0159ek\u00e1\u017eky, tak na okoln\u00ed krajin\u011b. P\u0159echodn\u00e9 sv\u011btlo m\u00e1 tak\u00e9 d\u016fle\u017eit\u00e9 m\u00edsto v um\u011bn\u00ed a umo\u017e\u0148uje vytv\u00e1\u0159et nov\u00e9 barevn\u00e9 kombinace, kter\u00e9 mohou zcela zm\u011bnit atmosf\u00e9ru a n\u00e1ladu obrazu.<\/p>\n","protected":false},"excerpt":{"rendered":"<p>Co je to p\u0159echodn\u00e9 sv\u011btlo? P\u0159echodn\u00e9 sv\u011btlo je jev, kter\u00fd popisuje zm\u011bnu intenzity a barvy<\/p>\n","protected":false},"author":1,"featured_media":0,"comment_status":"open","ping_status":"open","sticky":false,"template":"","format":"standard","meta":{"footnotes":""},"categories":[1],"tags":[],"class_list":["post-1213","post","type-post","status-publish","format-standard","hentry","category-uncategorized"],"_links":{"self":[{"href":"https:\/\/www.multi-shop.cz\/index.php\/wp-json\/wp\/v2\/posts\/1213","targetHints":{"allow":["GET"]}}],"collection":[{"href":"https:\/\/www.multi-shop.cz\/index.php\/wp-json\/wp\/v2\/posts"}],"about":[{"href":"https:\/\/www.multi-shop.cz\/index.php\/wp-json\/wp\/v2\/types\/post"}],"author":[{"embeddable":true,"href":"https:\/\/www.multi-shop.cz\/index.php\/wp-json\/wp\/v2\/users\/1"}],"replies":[{"embeddable":true,"href":"https:\/\/www.multi-shop.cz\/index.php\/wp-json\/wp\/v2\/comments?post=1213"}],"version-history":[{"count":0,"href":"https:\/\/www.multi-shop.cz\/index.php\/wp-json\/wp\/v2\/posts\/1213\/revisions"}],"wp:attachment":[{"href":"https:\/\/www.multi-shop.cz\/index.php\/wp-json\/wp\/v2\/media?parent=1213"}],"wp:term":[{"taxonomy":"category","embeddable":true,"href":"https:\/\/www.multi-shop.cz\/index.php\/wp-json\/wp\/v2\/categories?post=1213"},{"taxonomy":"post_tag","embeddable":true,"href":"https:\/\/www.multi-shop.cz\/index.php\/wp-json\/wp\/v2\/tags?post=1213"}],"curies":[{"name":"wp","href":"https:\/\/api.w.org\/{rel}","templated":true}]}}