{"id":1237,"date":"2023-09-02T09:47:42","date_gmt":"2023-09-02T09:47:42","guid":{"rendered":"https:\/\/www.multi-shop.cz\/?p=1237"},"modified":"2023-04-20T01:56:34","modified_gmt":"2023-04-20T01:56:34","slug":"dekorativni-stenove-svitilny-pro-obyvaci-pokoj","status":"publish","type":"post","link":"https:\/\/www.multi-shop.cz\/index.php\/2023\/09\/02\/dekorativni-stenove-svitilny-pro-obyvaci-pokoj\/","title":{"rendered":"Dekorativn\u00ed st\u011bnov\u00e9 sv\u00edtilny pro ob\u00fdvac\u00ed pokoj"},"content":{"rendered":"<h2>\u00davod<\/h2>\n<p>Vytv\u00e1\u0159en\u00ed atraktivn\u00edho a komfortn\u00edho bydlen\u00ed je pro mnoho lid\u00ed d\u016fle\u017eit\u00fdm aspektem. V posledn\u00edch letech se staly sv\u00edtilny jedn\u00edm z nejd\u016fle\u017eit\u011bj\u0161\u00edch prvk\u016f, kter\u00e9 p\u0159isp\u00edvaj\u00ed k vytvo\u0159en\u00ed p\u0159\u00edjemn\u00e9 atmosf\u00e9ry v interi\u00e9ru. Jedn\u00edm z nejobl\u00edben\u011bj\u0161\u00edch typ\u016f sv\u00edtilen jsou dekorativn\u00ed st\u011bnov\u00e9 sv\u00edtilny pro ob\u00fdvac\u00ed pokoj.<\/p>\n<h2>Co jsou dekorativn\u00ed st\u011bnov\u00e9 sv\u00edtilny pro ob\u00fdvac\u00ed pokoj?<\/h2>\n<p>Dekorativn\u00ed st\u011bnov\u00e9 sv\u00edtilny jsou sv\u00edtidla, kter\u00e1 se \u0161roubuj\u00ed p\u0159\u00edmo na ze\u010f, m\u00edsto aby byla um\u00edst\u011bna na strop\u011b. Tato sv\u00edtidla jsou obvykle men\u0161\u00ed ne\u017e klasick\u00e9 stropn\u00ed sv\u00edtidlo a mohou b\u00fdt um\u00edst\u011bna na r\u016fzn\u00fdch m\u00edstech v ob\u00fdvac\u00edm pokoji, aby vytvo\u0159ila p\u0159\u00edjemn\u00fd tepeln\u00fd efekt.<\/p>\n<h3>V\u00fdb\u011br spr\u00e1vn\u00fdch dekorativn\u00edch st\u011bnov\u00fdch sv\u00edtilen<\/h3>\n<p>P\u0159i v\u00fdb\u011bru dekorativn\u00edch st\u011bnov\u00fdch sv\u00edtilen pro ob\u00fdvac\u00ed pokoj je t\u0159eba vz\u00edt v \u00favahu n\u011bkolik faktor\u016f. Prvn\u00ed faktor se t\u00fdk\u00e1 stylu a vzhledu sv\u00edtilny, kter\u00fd by m\u011bl b\u00fdt v souladu s celkov\u00fdm interi\u00e9rem m\u00edstnosti. Nap\u0159\u00edklad, pokud m\u00e1te v ob\u00fdvac\u00edm pokoji modern\u00ed n\u00e1bytek, je vhodn\u00e9 zvolit sv\u00edtidla s minimalistick\u00fdm designem.<\/p>\n<p>Dal\u0161\u00edm faktorem, kter\u00fd m\u016f\u017ee ovlivnit v\u00fdb\u011br, je \u00fa\u010del sv\u00edtidla. Pokud hled\u00e1te dekorativn\u00ed st\u011bnov\u00e9 sv\u00edtilny pro tuto m\u00edstnost, m\u011bly by b\u00fdt schopny poskytnout p\u0159\u00edjemn\u00e9 difuzn\u00ed sv\u011btlo, kter\u00e9 p\u0159isp\u00edv\u00e1 k uklid\u0148uj\u00edc\u00ed atmosf\u00e9\u0159e.<\/p>\n<h3>Instalace sv\u011btla na st\u011bnu<\/h3>\n<p>P\u0159i instalaci dekorativn\u00edch st\u011bnov\u00fdch sv\u00edtilen do ob\u00fdvac\u00edho pokoje, zva\u017ete um\u00edst\u011bn\u00ed sv\u00edtidla. Optim\u00e1ln\u00ed v\u00fd\u0161ka, na kterou by m\u011bli b\u00fdt sv\u00edtidla um\u00edst\u011bna, je kolem o\u010dn\u00ed \u00farovn\u011b.<\/p>\n<p>Dal\u0161\u00ed d\u016fle\u017eit\u00fd faktor je spr\u00e1vn\u00e9 um\u00edst\u011bn\u00ed dr\u017e\u00e1ku sv\u00edtidla. Dr\u017e\u00e1k by m\u011bl b\u00fdt nainstalov\u00e1n na such\u00e9, rovn\u00e9 a odoln\u00e9 st\u011bn\u011b, aby se zabr\u00e1nilo kol\u00eds\u00e1n\u00ed sv\u00edtidla.<\/p>\n","protected":false},"excerpt":{"rendered":"<p>\u00davod Vytv\u00e1\u0159en\u00ed atraktivn\u00edho a komfortn\u00edho bydlen\u00ed je pro mnoho lid\u00ed d\u016fle\u017eit\u00fdm aspektem. V posledn\u00edch letech<\/p>\n","protected":false},"author":1,"featured_media":2989,"comment_status":"open","ping_status":"open","sticky":false,"template":"","format":"standard","meta":{"footnotes":""},"categories":[10],"tags":[],"class_list":["post-1237","post","type-post","status-publish","format-standard","has-post-thumbnail","hentry","category-hodinek"],"_links":{"self":[{"href":"https:\/\/www.multi-shop.cz\/index.php\/wp-json\/wp\/v2\/posts\/1237","targetHints":{"allow":["GET"]}}],"collection":[{"href":"https:\/\/www.multi-shop.cz\/index.php\/wp-json\/wp\/v2\/posts"}],"about":[{"href":"https:\/\/www.multi-shop.cz\/index.php\/wp-json\/wp\/v2\/types\/post"}],"author":[{"embeddable":true,"href":"https:\/\/www.multi-shop.cz\/index.php\/wp-json\/wp\/v2\/users\/1"}],"replies":[{"embeddable":true,"href":"https:\/\/www.multi-shop.cz\/index.php\/wp-json\/wp\/v2\/comments?post=1237"}],"version-history":[{"count":1,"href":"https:\/\/www.multi-shop.cz\/index.php\/wp-json\/wp\/v2\/posts\/1237\/revisions"}],"predecessor-version":[{"id":3129,"href":"https:\/\/www.multi-shop.cz\/index.php\/wp-json\/wp\/v2\/posts\/1237\/revisions\/3129"}],"wp:featuredmedia":[{"embeddable":true,"href":"https:\/\/www.multi-shop.cz\/index.php\/wp-json\/wp\/v2\/media\/2989"}],"wp:attachment":[{"href":"https:\/\/www.multi-shop.cz\/index.php\/wp-json\/wp\/v2\/media?parent=1237"}],"wp:term":[{"taxonomy":"category","embeddable":true,"href":"https:\/\/www.multi-shop.cz\/index.php\/wp-json\/wp\/v2\/categories?post=1237"},{"taxonomy":"post_tag","embeddable":true,"href":"https:\/\/www.multi-shop.cz\/index.php\/wp-json\/wp\/v2\/tags?post=1237"}],"curies":[{"name":"wp","href":"https:\/\/api.w.org\/{rel}","templated":true}]}}