{"id":292,"date":"2023-03-13T15:56:53","date_gmt":"2023-03-13T15:56:53","guid":{"rendered":"https:\/\/www.multi-shop.cz\/?p=292"},"modified":"2023-03-10T08:19:07","modified_gmt":"2023-03-10T08:19:07","slug":"benq-lampy-dokonale-reseni-pro-osvetleni-vaseho-domova-nebo-kancelare","status":"publish","type":"post","link":"https:\/\/www.multi-shop.cz\/index.php\/2023\/03\/13\/benq-lampy-dokonale-reseni-pro-osvetleni-vaseho-domova-nebo-kancelare\/","title":{"rendered":"BenQ lampy: dokonal\u00e9 \u0159e\u0161en\u00ed pro osv\u011btlen\u00ed va\u0161eho domova nebo kancel\u00e1\u0159e"},"content":{"rendered":"<h2>Osv\u011btlen\u00ed je d\u016fle\u017eit\u00e9<\/h2>\n<p>Vybrat spr\u00e1vn\u00e9 osv\u011btlen\u00ed do va\u0161eho domova nebo kancel\u00e1\u0159e m\u016f\u017ee b\u00fdt slo\u017eit\u00fd \u00fakol. Sv\u011bteln\u00e9 podm\u00ednky se li\u0161\u00ed v z\u00e1vislosti na prostoru, typu prost\u0159ed\u00ed a \u00fa\u010delu m\u00edstnosti. N\u011bkter\u00e9 m\u00edstnosti jsou vhodn\u011bj\u0161\u00ed pro slab\u0161\u00ed sv\u011bteln\u00e9 podm\u00ednky, zat\u00edmco jin\u00e9 vy\u017eaduj\u00ed siln\u011bj\u0161\u00ed sv\u011bteln\u00fd zdroj. Proto\u017ee jsou sv\u011bteln\u00e9 podm\u00ednky tak d\u016fle\u017eit\u00e9, r\u016fzn\u00e9 firmy se sna\u017e\u00ed vyr\u00e1b\u011bt osv\u011btlovac\u00ed za\u0159\u00edzen\u00ed, kter\u00e9 jsou vhodn\u00e9 pro ur\u010dit\u00e9 zp\u016fsoby pou\u017eit\u00ed. Jednou z takov\u00fdch spole\u010dnost\u00ed je BenQ, kter\u00e1 je zn\u00e1m\u00e1 pro sv\u00e9 v\u00fdrobky s nejvy\u0161\u0161\u00ed kvalitou.<\/p>\n<h2>Co je BenQ lampa?<\/h2>\n<p>BenQ lampa je osv\u011btlovac\u00ed za\u0159\u00edzen\u00ed, kter\u00e9 dod\u00e1v\u00e1 jemn\u00e9 a pohodln\u00e9 sv\u011btlo do va\u0161eho domova nebo kancel\u00e1\u0159e. Tyto lampy jsou navr\u017eeny k tomu, aby pomohly sn\u00ed\u017eit \u00fanavu o\u010d\u00ed a zlep\u0161it produktivitu b\u011bhem pr\u00e1ce nebo studia. BenQ lampy maj\u00ed r\u016fzn\u00e9 funkce, kter\u00e9 umo\u017e\u0148uj\u00ed u\u017eivatel\u016fm p\u0159izp\u016fsobit sv\u011bteln\u00fd zdroj jejich pot\u0159eb\u00e1m. N\u011bkter\u00e9 z funkc\u00ed v\u010detn\u011b regulovateln\u00e9 intenzity sv\u011btla, zm\u011bn\u011b barev a naprogramovan\u00e9ho vypnut\u00ed.<\/p>\n<h3>Kde pou\u017e\u00edvat BenQ lampy<\/h3>\n<p>BenQ lampy jsou vhodn\u00e9 pro r\u016fzn\u00e9 prost\u0159ed\u00ed, v\u010detn\u011b dom\u00e1c\u00edch kancel\u00e1\u0159\u00ed, m\u00edstnost\u00ed pro studium, hern\u00edch m\u00edstnost\u00ed a m\u00edstnost\u00ed pro relaxaci. Tyto lampy jsou ide\u00e1ln\u00ed pro lidi, kte\u0159\u00ed tr\u00e1v\u00ed hodn\u011b \u010dasu za po\u010d\u00edta\u010dem nebo pracuj\u00ed v prost\u0159ed\u00ed s n\u00edzkou sv\u011btelnost\u00ed. BenQ lampy mohou b\u00fdt tak\u00e9 pou\u017eity v kancel\u00e1\u0159sk\u00fdch prost\u0159ed\u00edch, kde jsou pot\u0159ebn\u00e9 sv\u011bteln\u00e9 zdroje pro prezentace a videokonference.<\/p>\n<h3>V\u00fdhody pou\u017e\u00edv\u00e1n\u00ed BenQ lamp<\/h3>\n<p>Pou\u017e\u00edv\u00e1n\u00ed lamp od BenQ m\u00e1 mnoho v\u00fdhod. Tyto lampy maj\u00ed p\u0159izp\u016fsobiv\u00e9 displeje, kter\u00e9 umo\u017e\u0148uj\u00ed u\u017eivatel\u016fm snadno p\u0159izp\u016fsobit intenzitu a barvu sv\u011btla podle jejich pot\u0159eb. Pou\u017e\u00edv\u00e1n\u00ed t\u011bchto lamp m\u016f\u017ee tak\u00e9 pomoci sn\u00ed\u017eit \u00fanavu o\u010d\u00ed a zlep\u0161it produktivitu b\u011bhem pr\u00e1ce. Pou\u017eit\u00ed BenQ lampy m\u016f\u017ee b\u00fdt dokonce prosp\u011b\u0161n\u00e9 pro va\u0161e zdrav\u00ed. N\u011bkter\u00e9 modely lamp mohou m\u00edt funkce, kter\u00e9 reguluj\u00ed modr\u00e9 sv\u011btlo, kter\u00e9 pom\u00e1h\u00e1 usnadnit sp\u00e1nek a chr\u00e1nit va\u0161e o\u010di.<\/p>\n<h3>Jak vybrat spr\u00e1vnou BenQ lampu<\/h3>\n<p>P\u0159i v\u00fdb\u011bru BenQ lampy je d\u016fle\u017eit\u00e9 zv\u00e1\u017eit n\u011bkolik faktor\u016f. Prvn\u00edm faktorem je velikost m\u00edstnosti. Pokud je m\u00edstnost v\u011bt\u0161\u00ed, budou pravd\u011bpodobn\u011b pot\u0159eba v\u011bt\u0161\u00ed lampy nebo v\u00edce lamp. Druh\u00fdm faktorem je \u00fa\u010del m\u00edstnosti. Pokud budete pou\u017e\u00edvat lampu pro \u010dten\u00ed, pot\u0159ebujete lampu s jasn\u011bj\u0161\u00edm sv\u011bteln\u00fdm zdrojem, zat\u00edmco pokud ji budete pou\u017e\u00edvat pro relaxaci, m\u016f\u017ee b\u00fdt vhodn\u011bj\u0161\u00ed slab\u0161\u00ed sv\u011bteln\u00fd zdroj.<\/p>\n<h2><\/h2>\n","protected":false},"excerpt":{"rendered":"<p>Osv\u011btlen\u00ed je d\u016fle\u017eit\u00e9 Vybrat spr\u00e1vn\u00e9 osv\u011btlen\u00ed do va\u0161eho domova nebo kancel\u00e1\u0159e m\u016f\u017ee b\u00fdt slo\u017eit\u00fd \u00fakol.<\/p>\n","protected":false},"author":1,"featured_media":1450,"comment_status":"open","ping_status":"open","sticky":false,"template":"","format":"standard","meta":{"footnotes":""},"categories":[11],"tags":[],"class_list":["post-292","post","type-post","status-publish","format-standard","has-post-thumbnail","hentry","category-obleceni"],"_links":{"self":[{"href":"https:\/\/www.multi-shop.cz\/index.php\/wp-json\/wp\/v2\/posts\/292","targetHints":{"allow":["GET"]}}],"collection":[{"href":"https:\/\/www.multi-shop.cz\/index.php\/wp-json\/wp\/v2\/posts"}],"about":[{"href":"https:\/\/www.multi-shop.cz\/index.php\/wp-json\/wp\/v2\/types\/post"}],"author":[{"embeddable":true,"href":"https:\/\/www.multi-shop.cz\/index.php\/wp-json\/wp\/v2\/users\/1"}],"replies":[{"embeddable":true,"href":"https:\/\/www.multi-shop.cz\/index.php\/wp-json\/wp\/v2\/comments?post=292"}],"version-history":[{"count":1,"href":"https:\/\/www.multi-shop.cz\/index.php\/wp-json\/wp\/v2\/posts\/292\/revisions"}],"predecessor-version":[{"id":1563,"href":"https:\/\/www.multi-shop.cz\/index.php\/wp-json\/wp\/v2\/posts\/292\/revisions\/1563"}],"wp:featuredmedia":[{"embeddable":true,"href":"https:\/\/www.multi-shop.cz\/index.php\/wp-json\/wp\/v2\/media\/1450"}],"wp:attachment":[{"href":"https:\/\/www.multi-shop.cz\/index.php\/wp-json\/wp\/v2\/media?parent=292"}],"wp:term":[{"taxonomy":"category","embeddable":true,"href":"https:\/\/www.multi-shop.cz\/index.php\/wp-json\/wp\/v2\/categories?post=292"},{"taxonomy":"post_tag","embeddable":true,"href":"https:\/\/www.multi-shop.cz\/index.php\/wp-json\/wp\/v2\/tags?post=292"}],"curies":[{"name":"wp","href":"https:\/\/api.w.org\/{rel}","templated":true}]}}