{"id":32,"date":"2022-04-20T06:29:00","date_gmt":"2022-04-20T06:29:00","guid":{"rendered":"https:\/\/www.multi-shop.cz\/?p=32"},"modified":"2022-05-10T08:44:11","modified_gmt":"2022-05-10T08:44:11","slug":"5-mezinarodnich-znacka","status":"publish","type":"post","link":"https:\/\/www.multi-shop.cz\/index.php\/2022\/04\/20\/5-mezinarodnich-znacka\/","title":{"rendered":"5 nejlep\u0161\u00edch mezin\u00e1rodn\u00edch zna\u010dka n\u00e1bytku"},"content":{"rendered":"\n<p>Dnes bych se s v\u00e1mi r\u00e1d pod\u011blil o 5 nejlep\u0161\u00edch mezin\u00e1rodn\u00edch zna\u010dka n\u00e1bytku ve sv\u00e9 sb\u00edrce. Poj\u010fme se spole\u010dn\u011b pod\u00edvat~<\/p>\n\n\n\n<h2 class=\"has-text-align-center wp-block-heading\">Zna\u010dka 01: GRANGE<\/h2>\n\n\n\n<blockquote class=\"wp-block-quote is-layout-flow wp-block-quote-is-layout-flow\"><p>Zem\u011b: Francie<br>Kl\u00ed\u010dov\u00e1 slova: P\u0159edn\u00ed francouzsk\u00fd v\u00fdrobce romantick\u00e9ho n\u00e1bytku<\/p><\/blockquote>\n\n\n\n<p>N\u00e1bytek GRANGE za\u010dal v roce 1904 a vyr\u00e1b\u00ed n\u00e1bytek ji\u017e v\u00edce ne\u017e 100 let a je p\u0159edn\u00edm v\u00fdrobcem romantick\u00e9ho n\u00e1bytku ve Francii.<\/p>\n\n\n\n<p>Ji\u017e p\u0159ed sto lety za\u010dal n\u00e1bytek GRANGE vyr\u00e1b\u011bt masivn\u00ed t\u0159e\u0161\u0148ov\u00fd, bukov\u00fd, dubov\u00fd n\u00e1bytek. Styly produkt\u016f jsou inspirov\u00e1ny r\u016fzn\u00fdmi \u017e\u00e1nry n\u00e1bytku v cel\u00e9 francouzsk\u00e9 historii.<\/p>\n\n\n\n<p>D\u00edky star\u00e9mu zp\u016fsobu n\u00e1bytku GRANGE m\u00e1 ka\u017ed\u00fd kus n\u00e1bytku GRANGE siln\u00fd smysl \u017eivota.<\/p>\n\n\n\n<div class=\"wp-block-image\"><figure class=\"aligncenter size-large is-resized\"><a href=\"https:\/\/www.nabytek-helcel.cz\/konferencni-stul-arktis-dub-grange-\/-matera\/\" target=\"_blank\" rel=\"noopener\"><img decoding=\"async\" src=\"https:\/\/www.multi-shop.cz\/wp-content\/uploads\/2022\/05\/8-1024x1024.jpg\" alt=\"Zna\u010dka 01: GRANGE\" class=\"wp-image-33\" width=\"500\" srcset=\"https:\/\/www.multi-shop.cz\/wp-content\/uploads\/2022\/05\/8-1024x1024.jpg 1024w, https:\/\/www.multi-shop.cz\/wp-content\/uploads\/2022\/05\/8-300x300.jpg 300w, https:\/\/www.multi-shop.cz\/wp-content\/uploads\/2022\/05\/8-150x150.jpg 150w, https:\/\/www.multi-shop.cz\/wp-content\/uploads\/2022\/05\/8-768x768.jpg 768w, https:\/\/www.multi-shop.cz\/wp-content\/uploads\/2022\/05\/8-1536x1536.jpg 1536w, https:\/\/www.multi-shop.cz\/wp-content\/uploads\/2022\/05\/8-2048x2048.jpg 2048w, https:\/\/www.multi-shop.cz\/wp-content\/uploads\/2022\/05\/8-630x630.jpg 630w, https:\/\/www.multi-shop.cz\/wp-content\/uploads\/2022\/05\/8-60x60.jpg 60w\" sizes=\"(max-width: 1024px) 100vw, 1024px\" \/><\/a><\/figure><\/div>\n\n\n\n<h2 class=\"has-text-align-center wp-block-heading\">Zna\u010dka 02: Fritz Hansen<\/h2>\n\n\n\n<blockquote class=\"wp-block-quote is-layout-flow wp-block-quote-is-layout-flow\"><p>Zem\u011b: D\u00e1nsko<br>Kl\u00ed\u010dov\u00e1 slova: jedine\u010dn\u00e1 m\u00f3da<\/p><\/blockquote>\n\n\n\n<p>Fritz Hansen, zalo\u017een\u00fd v roce 1872, m\u00e1 stoletou historii v\u00fdroby n\u00e1bytku. S\u00eddlo spole\u010dnosti se nach\u00e1z\u00ed v Kodani v D\u00e1nsku a je nejv\u011bt\u0161\u00edm a nejstar\u0161\u00edm v\u00fdrobcem n\u00e1bytku v severn\u00ed Evrop\u011b.<\/p>\n\n\n\n<p>Desetilet\u00ed evoluce a zm\u011bn jsou st\u00e1le kombinac\u00ed tradice a sou\u010dasn\u00e9ho popul\u00e1rn\u00edho my\u0161len\u00ed. Obchodn\u00ed osa klade d\u016fraz na jedine\u010dnou a m\u00f3dn\u00ed image zna\u010dka se zam\u011b\u0159en\u00edm na \u017eivotn\u00ed styl.<\/p>\n\n\n\n<p>Mezi hlavn\u00ed kategorie designu Fritze Hansena pat\u0159\u00ed: v\u011b\u010dnost, nevinnost, originalita a \u010dty\u0159i kl\u00ed\u010dov\u00e9 body \u0159ezb\u00e1\u0159sk\u00e9 pr\u00e1ce, co\u017e nazna\u010duje, \u017ee design hled\u00e1 trvalou inovaci a definici \u010dasu, nejen pron\u00e1sledov\u00e1n\u00ed trend\u016f a dosa\u017een\u00ed rovnov\u00e1hy t\u011bla. a mysl, vra\u0165te se k nej\u010dist\u0161\u00ed prav\u00e9 kr\u00e1se.<\/p>\n\n\n\n<div class=\"wp-block-image\"><figure class=\"aligncenter size-large is-resized\"><img decoding=\"async\" src=\"https:\/\/www.multi-shop.cz\/wp-content\/uploads\/2022\/05\/9-1024x768.jpg\" alt=\"Zna\u010dka 02: Fritz Hansen\" class=\"wp-image-36\" width=\"500\" srcset=\"https:\/\/www.multi-shop.cz\/wp-content\/uploads\/2022\/05\/9-1024x768.jpg 1024w, https:\/\/www.multi-shop.cz\/wp-content\/uploads\/2022\/05\/9-300x225.jpg 300w, https:\/\/www.multi-shop.cz\/wp-content\/uploads\/2022\/05\/9-768x576.jpg 768w, https:\/\/www.multi-shop.cz\/wp-content\/uploads\/2022\/05\/9-1536x1152.jpg 1536w, https:\/\/www.multi-shop.cz\/wp-content\/uploads\/2022\/05\/9-2048x1536.jpg 2048w, https:\/\/www.multi-shop.cz\/wp-content\/uploads\/2022\/05\/9-80x60.jpg 80w\" sizes=\"(max-width: 1024px) 100vw, 1024px\" \/><\/figure><\/div>\n\n\n\n<p>Bezp\u0159\u00edkladn\u00e1 jedine\u010dnost, nov\u00e9 tvary a nov\u00e9 funkce jsou jako vynikaj\u00edc\u00ed um\u011bleck\u00e9 sochy. Prost\u0159ednictv\u00edm vizu\u00e1ln\u00ed a smyslov\u00e9 stimulace si lid\u00e9 nemohou pomoci, ale rozpoznaj\u00ed extr\u00e9mn\u00ed texturu minimalistick\u00e9ho stylu a vynikaj\u00edc\u00ed proveden\u00ed jemnost\u00ed, kter\u00e9 to dot\u00e1hly tak daleko. St\u00e1le indik\u00e1tor evropsk\u00e9ho designu.<\/p>\n\n\n\n<p>Slavn\u00ed mist\u0159i designu pod veden\u00edm Fritze Hansena, jako jsou Arne Jacobson, Poul Kjaerholm, Hans J. Wegner, Alfred Homan atd. Jeho klasick\u00e9 \u017eidle jako The Ant, Egg Chair, SWAN jsou velmi dob\u0159e p\u0159ijat\u00e1 mistrovsk\u00e1 d\u00edla.<\/p>\n\n\n\n<div class=\"wp-block-image\"><figure class=\"aligncenter size-large is-resized\"><a href=\"https:\/\/www.multi-shop.cz\/\"><img decoding=\"async\" src=\"https:\/\/www.multi-shop.cz\/wp-content\/uploads\/2022\/05\/10-1024x682.jpg\" alt=\"Zna\u010dka 02: Fritz Hansen\" class=\"wp-image-35\" width=\"500\" srcset=\"https:\/\/www.multi-shop.cz\/wp-content\/uploads\/2022\/05\/10-1024x682.jpg 1024w, https:\/\/www.multi-shop.cz\/wp-content\/uploads\/2022\/05\/10-300x200.jpg 300w, https:\/\/www.multi-shop.cz\/wp-content\/uploads\/2022\/05\/10-768x512.jpg 768w, https:\/\/www.multi-shop.cz\/wp-content\/uploads\/2022\/05\/10-90x60.jpg 90w, https:\/\/www.multi-shop.cz\/wp-content\/uploads\/2022\/05\/10.jpg 1040w\" sizes=\"(max-width: 1024px) 100vw, 1024px\" \/><\/a><\/figure><\/div>\n\n\n\n<h2 class=\"has-text-align-center wp-block-heading\">Zna\u010dka 03: moooi <\/h2>\n\n\n\n<blockquote class=\"wp-block-quote is-layout-flow wp-block-quote-is-layout-flow\"><p>Zem\u011b: Nizozemsko<br>kl\u00ed\u010dov\u00e9 slovo: nordic<\/p><\/blockquote>\n\n\n\n<p>N\u00e1zev moooi poch\u00e1z\u00ed z nizozemsk\u00e9ho slova pro \u201ekr\u00e1sn\u00fd\u201c (mooi), s dal\u0161\u00edm p\u00edsmenem o v nad\u011bji, \u017ee p\u0159id\u00e1 v\u00edce kr\u00e1sy.<\/p>\n\n\n\n<p>Spole\u010dnost byla p\u016fvodn\u011b zalo\u017eena s c\u00edlem poskytnout design\u00e9r\u016fm prostor pro logick\u00e9 uva\u017eov\u00e1n\u00ed, proto\u017ee pr\u016fmyslov\u00e9 designov\u00e9 pr\u00e1ce mus\u00ed b\u00fdt koordinov\u00e1ny a zdokonalov\u00e1ny technologi\u00ed v\u00fdrobce, ne\u017e se z nich mohou skute\u010dn\u011b st\u00e1t vyrobiteln\u00e9 produkty.<\/p>\n\n\n\n<p>moooi je laborato\u0159 pro zkoum\u00e1n\u00ed individu\u00e1ln\u011b navr\u017een\u00fdch a hromadn\u011b vyr\u00e1b\u011bn\u00fdch produkt\u016f.<\/p>\n\n\n\n<div class=\"wp-block-image\"><figure class=\"aligncenter size-full is-resized\"><a href=\"https:\/\/www.designbuy.cz\/moooi-zavesne-svitidlo-dandelion\" target=\"_blank\" rel=\"noopener\"><img decoding=\"async\" src=\"https:\/\/www.multi-shop.cz\/wp-content\/uploads\/2022\/05\/11.jpg\" alt=\"moooi\" class=\"wp-image-37\" width=\"500\" srcset=\"https:\/\/www.multi-shop.cz\/wp-content\/uploads\/2022\/05\/11.jpg 800w, https:\/\/www.multi-shop.cz\/wp-content\/uploads\/2022\/05\/11-300x200.jpg 300w, https:\/\/www.multi-shop.cz\/wp-content\/uploads\/2022\/05\/11-768x513.jpg 768w, https:\/\/www.multi-shop.cz\/wp-content\/uploads\/2022\/05\/11-90x60.jpg 90w\" sizes=\"(max-width: 800px) 100vw, 800px\" \/><\/a><\/figure><\/div>\n\n\n\n<h2 class=\"has-text-align-center wp-block-heading\">Zna\u010dka 04: Molteni &amp; C<\/h2>\n\n\n\n<blockquote class=\"wp-block-quote is-layout-flow wp-block-quote-is-layout-flow\"><p>Zem\u011b: It\u00e1lie<br>Kl\u00ed\u010dov\u00e1 slova: jedine\u010dn\u00fd koncept panelov\u00e9ho n\u00e1bytku<\/p><\/blockquote>\n\n\n\n<p>Historie Molteni Group za\u010dala v roce 1930. Od roku 1950 roz\u0161\u00ed\u0159ila sv\u016fj obchodn\u00ed rozsah, zavedla mechanizovanou technologii v\u00fdroby a zlep\u0161ila kvalitu a v\u00fdrobn\u00ed kapacitu.<\/p>\n\n\n\n<p>V 70. letech 20. stolet\u00ed byla firma pro uspokojen\u00ed popt\u00e1vky trhu rozd\u011blena na t\u0159i \u010d\u00e1sti, a to Molteni &amp; C Spa (bytov\u00e9 dopl\u0148ky), Unifor Spa (kancel\u00e1\u0159sk\u00e9 dopl\u0148ky) a Dada Spa (kuchy\u0148sk\u00e9 pot\u0159eby).<\/p>\n\n\n\n<p>Molteni Group m\u00e1 n\u00e1bytk\u00e1\u0159skou spole\u010dnost s integrovanou v\u00fdrobou, kter\u00e1 dok\u00e1\u017ee pln\u011b kontrolovat od v\u00fdb\u011bru materi\u00e1lu a\u017e po hotov\u00e9 v\u00fdrobky.D\u011blba pr\u00e1ce v technologii a v\u00fdzkumu a v\u00fdvoji se dlouhodob\u011b dok\u00e1zala p\u0159izp\u016fsobit zm\u011bn\u00e1m r\u016fzn\u00fdch prostorov\u00fdch pot\u0159eb.<\/p>\n\n\n\n<div class=\"wp-block-image\"><figure class=\"aligncenter size-large is-resized\"><img decoding=\"async\" src=\"https:\/\/www.multi-shop.cz\/wp-content\/uploads\/2022\/05\/12-1024x768.jpg\" alt=\"Zna\u010dka 04: Molteni &amp; C\" class=\"wp-image-38\" width=\"500\"\/><\/figure><\/div>\n\n\n\n<p>Molteni &amp; C se zam\u011b\u0159uje na v\u00fdvoj syst\u00e9mov\u00e9ho n\u00e1bytku a spolupracuje s Luca Meda na v\u00fdvoji \u0159ady syst\u00e9mov\u00e9ho n\u00e1bytku, od materi\u00e1lu, tvaru, struktury a\u017e po detailn\u00ed komponenty, kter\u00e9 ukazuj\u00ed harmonickou kombinaci.<\/p>\n\n\n\n<p>A\u0165 u\u017e se jedn\u00e1 o jednotliv\u00fd p\u0159edm\u011bt nebo syst\u00e9m n\u00e1bytku, vytv\u00e1\u0159\u00ed jednoduchou a elegantn\u00ed atmosf\u00e9ru a je vhodn\u00fd pro modern\u00ed \u017eivot.<\/p>\n\n\n\n<p>V posledn\u00edch letech Molteni &amp; C aktivn\u011b vyv\u00edj\u00ed rozs\u00e1hl\u00e9 designov\u00e9 projekty, jako je celkov\u00e9 pl\u00e1nov\u00e1n\u00ed muze\u00ed, butik\u016f, restaurac\u00ed, v\u00fdletn\u00edch lod\u00ed, nemocnic, divadel atd. Mezi zn\u00e1m\u00e9 projekty pat\u0159\u00ed v\u00fdletn\u00ed lo\u010f postaven\u00e1 Fincantieri Molteni ve Walter Disney, vlajkov\u00fd obchod Cartier v Pa\u0159\u00ed\u017ei, interi\u00e9rov\u00fd design opery La Fenice v Ben\u00e1tk\u00e1ch atd.<\/p>\n\n\n\n<div class=\"wp-block-image\"><figure class=\"aligncenter size-large is-resized\"><img decoding=\"async\" src=\"https:\/\/www.multi-shop.cz\/wp-content\/uploads\/2022\/05\/13-1024x768.jpg\" alt=\"Zna\u010dka 04: Molteni &amp; C\" class=\"wp-image-39\" width=\"500\" srcset=\"https:\/\/www.multi-shop.cz\/wp-content\/uploads\/2022\/05\/13-1024x768.jpg 1024w, https:\/\/www.multi-shop.cz\/wp-content\/uploads\/2022\/05\/13-300x225.jpg 300w, https:\/\/www.multi-shop.cz\/wp-content\/uploads\/2022\/05\/13-768x576.jpg 768w, https:\/\/www.multi-shop.cz\/wp-content\/uploads\/2022\/05\/13-80x60.jpg 80w, https:\/\/www.multi-shop.cz\/wp-content\/uploads\/2022\/05\/13.jpg 1200w\" sizes=\"(max-width: 1024px) 100vw, 1024px\" \/><\/figure><\/div>\n\n\n\n<h2 class=\"has-text-align-center wp-block-heading\">Zna\u010dka 05: Marimekko<\/h2>\n\n\n\n<blockquote class=\"wp-block-quote is-layout-flow wp-block-quote-is-layout-flow\"><p>Zem\u011b: Finsko<br>Kl\u00ed\u010dov\u00e1 slova: barevn\u00fd, klasick\u00fd vzor<\/p><\/blockquote>\n\n\n\n<p>Z\u00e1\u0159iv\u00e9 barvy, ti\u0161t\u011bn\u00e9 motivy, geometrick\u00e9 tvary, jednoduch\u00e9 linie, o tom je Marimekko.<\/p>\n\n\n\n<p>Spole\u010dnost Marimekko, zalo\u017een\u00e1 v roce 1951, um\u00edstila ti\u0161t\u011bn\u00e9 totemy do r\u016fzn\u00fdch produkt\u016f, \u00fasp\u011b\u0161n\u011b pokr\u00fdvala neo\u010dek\u00e1vanou m\u00f3du, ta\u0161ky, v\u011bci denn\u00ed pot\u0159eby a design bytov\u00fdch dekorac\u00ed a stala se p\u0159edn\u00ed zna\u010dka textiln\u00edho designu a od\u011bvn\u00edho designu ve Finsku, kterou lze nazvat nejlep\u0161\u00ed prax\u00ed \u017eivotn\u00edho stylu. Podle.<\/p>\n\n\n\n<p>Klasick\u00fd vzor Marimekko, UNIKKO (finsky m\u00e1k), vytvo\u0159ila jeho hlavn\u00ed design\u00e9rka Maija Isola na cest\u00e1ch po \u0160pan\u011blsku a vyjad\u0159uje fascinaci seve\u0159an\u016f n\u00e1dhernou scen\u00e9ri\u00ed jihu d\u00edky pol\u00e1rn\u00edmu klimatu.<\/p>\n\n\n\n<p>S\u00e9rie UNIKKO se setkala s velk\u00fdm ohlasem na trhu hned po sv\u00e9m uveden\u00ed na trh. Pestrobarevn\u00e9 kv\u011btiny dodaly v\u00fdrobk\u016fm barevnou vitalitu a spustily vlnu retro bytov\u00e9ho za\u0159\u00edzen\u00ed.<\/p>\n\n\n\n<p>I Jacqueline Kennedyov\u00e1 byla bl\u00e1zen do designu Marimekko a koupila si sedm kv\u011btinov\u00fdch \u0161at\u016f najednou.V roce 1960 se Marimekko pod veden\u00edm Jacqueline stala v USA zn\u00e1mou zna\u010dka a nov\u00fdm mil\u00e1\u010dkem m\u00f3dn\u00edho pr\u016fmyslu.<\/p>\n\n\n\n<div class=\"wp-block-image\"><figure class=\"aligncenter size-full is-resized\"><img decoding=\"async\" src=\"https:\/\/www.multi-shop.cz\/wp-content\/uploads\/2022\/05\/14.jpg\" alt=\"\" class=\"wp-image-40\" width=\"500\" srcset=\"https:\/\/www.multi-shop.cz\/wp-content\/uploads\/2022\/05\/14.jpg 225w, https:\/\/www.multi-shop.cz\/wp-content\/uploads\/2022\/05\/14-150x150.jpg 150w, https:\/\/www.multi-shop.cz\/wp-content\/uploads\/2022\/05\/14-60x60.jpg 60w\" sizes=\"(max-width: 225px) 100vw, 225px\" \/><\/figure><\/div>\n\n\n\n<p>V\u00fd\u0161e je 5 nejlep\u0161\u00edch mezin\u00e1rodn\u00edch zna\u010dka n\u00e1bytku, kter\u00e9 si cen\u00edm. Pokud se v\u00e1m l\u00edb\u00ed, zanechte mi pros\u00edm zpr\u00e1vu~<\/p>\n","protected":false},"excerpt":{"rendered":"<p>Dnes bych se s v\u00e1mi r\u00e1d pod\u011blil o 5 nejlep\u0161\u00edch mezin\u00e1rodn\u00edch zna\u010dka n\u00e1bytku ve sv\u00e9<\/p>\n","protected":false},"author":1,"featured_media":38,"comment_status":"open","ping_status":"open","sticky":false,"template":"","format":"standard","meta":{"footnotes":""},"categories":[5,13],"tags":[],"class_list":["post-32","post","type-post","status-publish","format-standard","has-post-thumbnail","hentry","category-nabytek","category-znacku"],"_links":{"self":[{"href":"https:\/\/www.multi-shop.cz\/index.php\/wp-json\/wp\/v2\/posts\/32","targetHints":{"allow":["GET"]}}],"collection":[{"href":"https:\/\/www.multi-shop.cz\/index.php\/wp-json\/wp\/v2\/posts"}],"about":[{"href":"https:\/\/www.multi-shop.cz\/index.php\/wp-json\/wp\/v2\/types\/post"}],"author":[{"embeddable":true,"href":"https:\/\/www.multi-shop.cz\/index.php\/wp-json\/wp\/v2\/users\/1"}],"replies":[{"embeddable":true,"href":"https:\/\/www.multi-shop.cz\/index.php\/wp-json\/wp\/v2\/comments?post=32"}],"version-history":[{"count":2,"href":"https:\/\/www.multi-shop.cz\/index.php\/wp-json\/wp\/v2\/posts\/32\/revisions"}],"predecessor-version":[{"id":41,"href":"https:\/\/www.multi-shop.cz\/index.php\/wp-json\/wp\/v2\/posts\/32\/revisions\/41"}],"wp:featuredmedia":[{"embeddable":true,"href":"https:\/\/www.multi-shop.cz\/index.php\/wp-json\/wp\/v2\/media\/38"}],"wp:attachment":[{"href":"https:\/\/www.multi-shop.cz\/index.php\/wp-json\/wp\/v2\/media?parent=32"}],"wp:term":[{"taxonomy":"category","embeddable":true,"href":"https:\/\/www.multi-shop.cz\/index.php\/wp-json\/wp\/v2\/categories?post=32"},{"taxonomy":"post_tag","embeddable":true,"href":"https:\/\/www.multi-shop.cz\/index.php\/wp-json\/wp\/v2\/tags?post=32"}],"curies":[{"name":"wp","href":"https:\/\/api.w.org\/{rel}","templated":true}]}}