{"id":847,"date":"2023-04-22T14:16:34","date_gmt":"2023-04-22T14:16:34","guid":{"rendered":"https:\/\/www.multi-shop.cz\/?p=847"},"modified":"2023-03-17T01:37:54","modified_gmt":"2023-03-17T01:37:54","slug":"oslnive-svetlo-kuchynskeho-rohu-jak-vybrat-vhodne-osvetleni-pro-vasi-kuchynskou-niche","status":"publish","type":"post","link":"https:\/\/www.multi-shop.cz\/index.php\/2023\/04\/22\/oslnive-svetlo-kuchynskeho-rohu-jak-vybrat-vhodne-osvetleni-pro-vasi-kuchynskou-niche\/","title":{"rendered":"Oslniv\u00e9 sv\u011btlo kuchy\u0148sk\u00e9ho rohu: Jak vybrat vhodn\u00e9 osv\u011btlen\u00ed pro va\u0161i kuchy\u0148skou niche?"},"content":{"rendered":"<h2>\u00davod<\/h2>\n<p>Kuchy\u0148sk\u00e1 niche m\u016f\u017ee b\u00fdt obt\u00ed\u017en\u00e1 prostor pro \u0159e\u0161en\u00ed osv\u011btlen\u00ed. Vzhledem k tomu, \u017ee se \u010dasto nach\u00e1z\u00ed v bl\u00edzkosti oken nebo je um\u00edst\u011bna v rohu m\u00edstnosti, vy\u017eaduje speci\u00e1ln\u00ed p\u0159\u00edstup k osv\u011btlen\u00ed, aby byla zaji\u0161t\u011bna dostate\u010dn\u00e1 viditelnost a pohodl\u00ed p\u0159i va\u0159en\u00ed a j\u00eddle.<\/p>\n<h2>D\u016fle\u017eitost osv\u011btlen\u00ed kuchy\u0148sk\u00e9 niche<\/h2>\n<p>Spr\u00e1vn\u00e9 osv\u011btlen\u00ed kuchy\u0148sk\u00e9 niche je kl\u00ed\u010dem k zaji\u0161t\u011bn\u00ed pohodl\u00ed a bezpe\u010dnosti p\u0159i va\u0159en\u00ed a j\u00eddle. Nedostate\u010dn\u00e9 osv\u011btlen\u00ed m\u016f\u017ee v\u00e9st k nedostate\u010dn\u00e9mu vid\u011bn\u00ed, co\u017e znamen\u00e1, \u017ee m\u016f\u017ee doj\u00edt k poran\u011bn\u00ed p\u0159i \u0159ez\u00e1n\u00ed nebo brou\u0161en\u00ed ost\u0159\u00ed no\u017ee. Na druh\u00e9 stran\u011b, nadm\u011brn\u00e9 osv\u011btlen\u00ed m\u016f\u017ee zp\u016fsobit osln\u011bn\u00ed nebo nadm\u011brn\u00e9 teplo, co\u017e m\u016f\u017ee v\u00e9st k nepohodl\u00ed a zhor\u0161en\u00ed vn\u00edm\u00e1n\u00ed chuti j\u00eddla.<\/p>\n<h2>Jak\u00e9 faktory ovliv\u0148uj\u00ed v\u00fdb\u011br osv\u011btlen\u00ed kuchy\u0148sk\u00e9 niche?<\/h2>\n<p>P\u0159i v\u00fdb\u011bru osv\u011btlen\u00ed kuchy\u0148sk\u00e9 niche je t\u0159eba zohlednit n\u00e1sleduj\u00edc\u00ed faktory:<\/p>\n<h3>Velikost kuchy\u0148sk\u00e9 niche<\/h3>\n<p>Velikost kuchy\u0148sk\u00e9 niche je d\u016fle\u017eit\u00fdm faktorem p\u0159i volb\u011b osv\u011btlen\u00ed. Men\u0161\u00ed kuchy\u0148sk\u00e9 niche vy\u017eaduj\u00ed m\u00e9n\u011b sv\u011btel nebo men\u0161\u00ed sv\u00edtidla, zat\u00edmco v\u011bt\u0161\u00ed kuchy\u0148sk\u00e9 niche mohou pot\u0159ebovat v\u011bt\u0161\u00ed sv\u00edtidla nebo v\u00edce sv\u011btel.<\/p>\n<h3>Um\u00edst\u011bn\u00ed kuchy\u0148sk\u00e9 niche<\/h3>\n<p>Um\u00edst\u011bn\u00ed kuchy\u0148sk\u00e9 niche je dal\u0161\u00edm faktorem, kter\u00fd ovliv\u0148uje v\u00fdb\u011br osv\u011btlen\u00ed. Pokud je kuchy\u0148sk\u00e1 niche v bl\u00edzkosti oken, mus\u00ed b\u00fdt osv\u011btlen\u00ed dostate\u010dn\u011b siln\u00e9, aby bylo mo\u017en\u00e9 vid\u011bt j\u00eddlo a pr\u00e1ci na pultech i p\u0159i p\u0159irozen\u00e9m sv\u011btle. Pokud je kuchy\u0148sk\u00e1 niche um\u00edst\u011bna v rohu m\u00edstnosti, mus\u00ed b\u00fdt osv\u011btlen\u00ed dostate\u010dn\u011b \u00fa\u010dinn\u00e9, aby se zajistila dobr\u00e1 viditelnost a zabr\u00e1nilo se st\u00ednu.<\/p>\n<h3>\u00da\u010del kuchy\u0148sk\u00e9 niche<\/h3>\n<p>\u00da\u010del kuchy\u0148sk\u00e9 niche je tak\u00e9 d\u016fle\u017eit\u00fdm faktorem p\u0159i volb\u011b osv\u011btlen\u00ed. Pokud je kuchy\u0148sk\u00e1 niche pou\u017e\u00edv\u00e1na pouze ke sn\u00eddani nebo rychl\u00fdm ob\u011bd\u016fm, m\u016f\u017ee b\u00fdt osv\u011btlen\u00ed m\u00edrn\u00e9. Pokud se kuchy\u0148sk\u00e1 niche pou\u017e\u00edv\u00e1 jako hlavn\u00ed j\u00eddelna nebo pro slo\u017eit\u011bj\u0161\u00ed kuchyn\u011b, mus\u00ed b\u00fdt osv\u011btlen\u00ed dostate\u010dn\u011b siln\u00e9 a \u00fa\u010dinn\u00e9.<\/p>\n<h2>Typy osv\u011btlen\u00ed pro kuchy\u0148skou niche<\/h2>\n<p>Existuje n\u011bkolik typ\u016f osv\u011btlen\u00ed, kter\u00e9 se hod\u00ed pro kuchy\u0148skou niche. Mezi nej\u010dast\u011bj\u0161\u00ed pat\u0159\u00ed:<\/p>\n<h3>Stropn\u00ed osv\u011btlen\u00ed<\/h3>\n<p>Stropn\u00ed osv\u011btlen\u00ed je vysoce \u00fa\u010dinn\u00e1 volba pro kuchy\u0148skou niche. M\u016f\u017ee b\u00fdt um\u00edst\u011bno p\u0159\u00edmo nad st\u016fl nebo pult, aby poskytovalo dostate\u010dn\u00e9 osv\u011btlen\u00ed pro va\u0159en\u00ed a j\u00eddlo. Stropn\u00ed osv\u011btlen\u00ed m\u016f\u017ee b\u00fdt vyrobeno z r\u016fzn\u00fdch materi\u00e1l\u016f, jako jsou sklo, kov nebo plast, a m\u016f\u017ee b\u00fdt dod\u00e1v\u00e1no s integrovan\u00fdmi LED sv\u011btly pro snadn\u00e9 udr\u017eov\u00e1n\u00ed.<\/p>\n<h3>Podlo\u017ekov\u00e1 osv\u011btlen\u00ed<\/h3>\n<p>Podlo\u017ekov\u00e1 osv\u011btlen\u00ed jsou instalov\u00e1na pod horn\u00edmi sk\u0159\u00ed\u0148kami a poskytuj\u00ed pohodln\u00e9 a \u00fa\u010dinn\u00e9 osv\u011btlen\u00ed pro pracovn\u00ed plochy kuchy\u0148sk\u00e9 niche. M\u016f\u017ee b\u00fdt pou\u017eito sv\u00edtidlo na LED nebo halogenov\u00e9 \u017e\u00e1rovky, v z\u00e1vislosti na preferenc\u00edch majitele domu.<\/p>\n<h3>Sv\u00edtidla na st\u00e9blo<\/h3>\n<p>Sv\u00edtidla na st\u00e9blo jsou instalov\u00e1na nad st\u016fl nebo pult a nab\u00edzej\u00ed elegantn\u00ed a modern\u00ed alternativu k tradi\u010dn\u00edmu stropn\u00edmu osv\u011btlen\u00ed. Sv\u011btla mohou b\u00fdt nastavena tak, aby poskytovala v\u00fdkonn\u00e9 sv\u011btlo nebo mohou b\u00fdt pou\u017eita pro atmosf\u00e9rick\u00e9 osv\u011btlen\u00ed p\u0159i ve\u010de\u0159\u00edch nebo posezen\u00ed v kuchyni.<\/p>\n<h2><\/h2>\n","protected":false},"excerpt":{"rendered":"<p>\u00davod Kuchy\u0148sk\u00e1 niche m\u016f\u017ee b\u00fdt obt\u00ed\u017en\u00e1 prostor pro \u0159e\u0161en\u00ed osv\u011btlen\u00ed. Vzhledem k tomu, \u017ee se<\/p>\n","protected":false},"author":1,"featured_media":1637,"comment_status":"open","ping_status":"open","sticky":false,"template":"","format":"standard","meta":{"footnotes":""},"categories":[15],"tags":[],"class_list":["post-847","post","type-post","status-publish","format-standard","has-post-thumbnail","hentry","category-trouba"],"_links":{"self":[{"href":"https:\/\/www.multi-shop.cz\/index.php\/wp-json\/wp\/v2\/posts\/847","targetHints":{"allow":["GET"]}}],"collection":[{"href":"https:\/\/www.multi-shop.cz\/index.php\/wp-json\/wp\/v2\/posts"}],"about":[{"href":"https:\/\/www.multi-shop.cz\/index.php\/wp-json\/wp\/v2\/types\/post"}],"author":[{"embeddable":true,"href":"https:\/\/www.multi-shop.cz\/index.php\/wp-json\/wp\/v2\/users\/1"}],"replies":[{"embeddable":true,"href":"https:\/\/www.multi-shop.cz\/index.php\/wp-json\/wp\/v2\/comments?post=847"}],"version-history":[{"count":1,"href":"https:\/\/www.multi-shop.cz\/index.php\/wp-json\/wp\/v2\/posts\/847\/revisions"}],"predecessor-version":[{"id":1685,"href":"https:\/\/www.multi-shop.cz\/index.php\/wp-json\/wp\/v2\/posts\/847\/revisions\/1685"}],"wp:featuredmedia":[{"embeddable":true,"href":"https:\/\/www.multi-shop.cz\/index.php\/wp-json\/wp\/v2\/media\/1637"}],"wp:attachment":[{"href":"https:\/\/www.multi-shop.cz\/index.php\/wp-json\/wp\/v2\/media?parent=847"}],"wp:term":[{"taxonomy":"category","embeddable":true,"href":"https:\/\/www.multi-shop.cz\/index.php\/wp-json\/wp\/v2\/categories?post=847"},{"taxonomy":"post_tag","embeddable":true,"href":"https:\/\/www.multi-shop.cz\/index.php\/wp-json\/wp\/v2\/tags?post=847"}],"curies":[{"name":"wp","href":"https:\/\/api.w.org\/{rel}","templated":true}]}}