{"id":948,"date":"2023-08-31T19:22:43","date_gmt":"2023-08-31T19:22:43","guid":{"rendered":"https:\/\/www.multi-shop.cz\/?p=948"},"modified":"2023-04-06T08:51:08","modified_gmt":"2023-04-06T08:51:08","slug":"svickova-stenova-lampicka-elegantni-doplnek-vaseho-interieru","status":"publish","type":"post","link":"https:\/\/www.multi-shop.cz\/index.php\/2023\/08\/31\/svickova-stenova-lampicka-elegantni-doplnek-vaseho-interieru\/","title":{"rendered":"Sv\u00ed\u010dkov\u00e1 st\u011bnov\u00e1 lampi\u010dka: Elegantn\u00ed dopl\u0148ek va\u0161eho interi\u00e9ru"},"content":{"rendered":"<h2>\u00davod<\/h2>\n<p>Sv\u00ed\u010dkov\u00e1 st\u011bnov\u00e1 lampi\u010dka je nejen praktick\u00fdm, ale i estetick\u00fdm dopl\u0148kem va\u0161eho domova. Tento druh osv\u011btlen\u00ed se st\u00e1v\u00e1 st\u00e1le popul\u00e1rn\u011bj\u0161\u00edm a nejen v \u010cesk\u00e9 republice. Pro\u010d si tuto lampi\u010dku po\u0159\u00eddit? Jak ji spr\u00e1vn\u011b pou\u017e\u00edvat a kam ji um\u00edstit? To v\u0161e se m\u016f\u017eete dozv\u011bd\u011bt v n\u00e1sleduj\u00edc\u00edm \u010dl\u00e1nku.<\/p>\n<h2>Pro\u010d si po\u0159\u00eddit sv\u00ed\u010dkovou st\u011bnovou lampi\u010dku?<\/h2>\n<p>Sv\u00ed\u010dkov\u00e9 st\u011bnov\u00e9 lampi\u010dky jsou elegantn\u00ed a praktickou volbou pro ka\u017ed\u00fd interi\u00e9r. Jsou skv\u011bl\u00fdm dopl\u0148kem pro ty, kte\u0159\u00ed cht\u011bj\u00ed vytvo\u0159it intimn\u00ed a \u00fatulnou atmosf\u00e9ru v obytn\u00fdch prostor\u00e1ch.<\/p>\n<p>Sv\u00ed\u010dkov\u00e9 st\u011bnov\u00e9 lampi\u010dky jsou tak\u00e9 u\u017eite\u010dn\u00e9 pro osv\u011btlen\u00ed obraz\u016f, fotografi\u00ed a dekorativn\u00edch artefakt\u016f. D\u00edky sv\u00e9 mal\u00e9 velikosti se dob\u0159e hod\u00ed do men\u0161\u00edch prostor, jako jsou chodby, vstupn\u00ed haly a toalety.<\/p>\n<h2>Jak\u00e1 je nejlep\u0161\u00ed velikost pro sv\u00ed\u010dkovou st\u011bnovou lampi\u010dku?<\/h2>\n<p>Velikost sv\u00ed\u010dkov\u00e9 st\u011bnov\u00e9 lampi\u010dky z\u00e1le\u017e\u00ed na velikosti m\u00edstnosti a na tom, kde ji chcete um\u00edstit. Pokud ji chcete um\u00edstit na st\u011bnu kde vis\u00ed um\u011bleck\u00e9 d\u00edlo nebo zrcadlo, doporu\u010dujeme men\u0161\u00ed velikost sv\u00edcen\u016f. Tyto sv\u00ed\u010dky dob\u0159e vyniknou v kombinaci s dal\u0161\u00edm um\u011bleck\u00fdm d\u00edlem.<\/p>\n<p>V\u011bt\u0161\u00ed sv\u00ed\u010dky jsou ide\u00e1ln\u00ed pro prostorn\u011bj\u0161\u00ed m\u00edstnosti, jako jsou ob\u00fdvac\u00ed pokoje a j\u00eddelny. V\u011bt\u0161\u00ed sv\u00ed\u010dkov\u00e9 st\u011bnov\u00e9 lampi\u010dky vyza\u0159uj\u00ed v\u00edce sv\u011btla a zp\u016fsobuj\u00ed v\u00edce dramatick\u00e9ho efektu.<\/p>\n<h2>Kam um\u00edstit sv\u00ed\u010dkovou st\u011bnovou lampi\u010dku?<\/h2>\n<p>Sv\u00ed\u010dkov\u00e9 st\u011bnov\u00e9 lampi\u010dky se nejv\u00edce hod\u00ed k um\u00edst\u011bn\u00ed vedle nebo nad postel, pohovku nebo k\u0159eslo. Tak m\u016f\u017eete tuto lampi\u010dku pou\u017e\u00edvat jako \u010dtec\u00ed lampa nebo tvo\u0159it romantickou atmosf\u00e9ru v ob\u00fdvac\u00edm pokoji.<\/p>\n<p>Dal\u0161\u00edmi vhodn\u00fdmi m\u00edsty pro um\u00edst\u011bn\u00ed t\u011bchto lampi\u010dek jsou koupelny, lo\u017enice a chodby. Tyto mal\u00e9 lampi\u010dky pom\u00e1haj\u00ed vytvo\u0159it intimitu a \u00fatulnost ve va\u0161em domov\u011b.<\/p>\n<h2>Jak pou\u017e\u00edvat sv\u00ed\u010dkovou st\u011bnovou lampi\u010dku?<\/h2>\n<p>Sv\u00ed\u010dkov\u00e9 st\u011bnov\u00e9 lampi\u010dky mohou b\u00fdt pou\u017eity jak pro praktick\u00e9, tak pro dekorativn\u00ed \u00fa\u010dely. Pokud se rozhodnete pou\u017e\u00edvat sv\u00ed\u010dku, byste m\u011bli b\u00fdt opatrn\u00ed a d\u00e1vat pozor, aby sv\u00ed\u010dka nespadla.<\/p>\n<p>Pokud je lampi\u010dka vyrobena z \u017eeleza nebo jin\u00e9 kovov\u00e9 slitiny, m\u016f\u017ee b\u00fdt velmi hork\u00e1. Proto byste m\u011bli b\u00fdt opatrn\u00ed a dr\u017eet lampi\u010dku od d\u011bt\u00ed, dom\u00e1c\u00edch mazl\u00ed\u010dk\u016f nebo m\u00edst, kde by mohla zp\u016fsobit po\u017e\u00e1r.<\/p>\n<h2><\/h2>\n","protected":false},"excerpt":{"rendered":"<p>\u00davod Sv\u00ed\u010dkov\u00e1 st\u011bnov\u00e1 lampi\u010dka je nejen praktick\u00fdm, ale i estetick\u00fdm dopl\u0148kem va\u0161eho domova. Tento druh<\/p>\n","protected":false},"author":1,"featured_media":2466,"comment_status":"open","ping_status":"open","sticky":false,"template":"","format":"standard","meta":{"footnotes":""},"categories":[13],"tags":[],"class_list":["post-948","post","type-post","status-publish","format-standard","has-post-thumbnail","hentry","category-znacku"],"_links":{"self":[{"href":"https:\/\/www.multi-shop.cz\/index.php\/wp-json\/wp\/v2\/posts\/948","targetHints":{"allow":["GET"]}}],"collection":[{"href":"https:\/\/www.multi-shop.cz\/index.php\/wp-json\/wp\/v2\/posts"}],"about":[{"href":"https:\/\/www.multi-shop.cz\/index.php\/wp-json\/wp\/v2\/types\/post"}],"author":[{"embeddable":true,"href":"https:\/\/www.multi-shop.cz\/index.php\/wp-json\/wp\/v2\/users\/1"}],"replies":[{"embeddable":true,"href":"https:\/\/www.multi-shop.cz\/index.php\/wp-json\/wp\/v2\/comments?post=948"}],"version-history":[{"count":1,"href":"https:\/\/www.multi-shop.cz\/index.php\/wp-json\/wp\/v2\/posts\/948\/revisions"}],"predecessor-version":[{"id":2603,"href":"https:\/\/www.multi-shop.cz\/index.php\/wp-json\/wp\/v2\/posts\/948\/revisions\/2603"}],"wp:featuredmedia":[{"embeddable":true,"href":"https:\/\/www.multi-shop.cz\/index.php\/wp-json\/wp\/v2\/media\/2466"}],"wp:attachment":[{"href":"https:\/\/www.multi-shop.cz\/index.php\/wp-json\/wp\/v2\/media?parent=948"}],"wp:term":[{"taxonomy":"category","embeddable":true,"href":"https:\/\/www.multi-shop.cz\/index.php\/wp-json\/wp\/v2\/categories?post=948"},{"taxonomy":"post_tag","embeddable":true,"href":"https:\/\/www.multi-shop.cz\/index.php\/wp-json\/wp\/v2\/tags?post=948"}],"curies":[{"name":"wp","href":"https:\/\/api.w.org\/{rel}","templated":true}]}}